{"id":8230,"date":"2020-12-20T06:00:55","date_gmt":"2020-12-20T04:00:55","guid":{"rendered":"https:\/\/dennisschuetze.de\/blog\/?p=8230"},"modified":"2020-12-19T17:24:21","modified_gmt":"2020-12-19T15:24:21","slug":"video-hymne-an-die-nacht-von-thilo-hofmann","status":"publish","type":"post","link":"https:\/\/dennisschuetze.de\/blog\/2020\/12\/20\/video-hymne-an-die-nacht-von-thilo-hofmann\/","title":{"rendered":"Video: &#8222;Hymne an die Nacht&#8220; von Thilo Hofmann"},"content":{"rendered":"<p><iframe loading=\"lazy\" title=\"Thilo Hofmann: &quot;Hymne an die Nacht&quot; (L. v. Beethoven)\" width=\"584\" height=\"329\" src=\"https:\/\/www.youtube.com\/embed\/2ClXhIVEArw?feature=oembed\" frameborder=\"0\" allow=\"accelerometer; autoplay; clipboard-write; encrypted-media; gyroscope; picture-in-picture\" allowfullscreen><\/iframe><\/p>\n<p>Kurz vor der l\u00e4ngsten Nacht des Jahres pr\u00e4sentiert der Eibelst\u00e4dter S\u00e4nger Thilo Hofmann das Lied \u201eHymne an die Nacht\u201c nach einer Melodie von Ludwig van Beethoven (1770-1827) in einer Ein-Mann-Quartett\/Oktett-Besetzung (BBTT). Liedtext stammt von Friedrich von Matthison (1761-1831), Satz von Ignatz Heim (1818-1880). Aufnahme &amp; Mix: Thilo Hofmann, Kamera: Dennis Sch\u00fctze, Edit: Camilo Goitia.<\/p>\n","protected":false},"excerpt":{"rendered":"<p>Kurz vor der l\u00e4ngsten Nacht des Jahres pr\u00e4sentiert der Eibelst\u00e4dter S\u00e4nger Thilo Hofmann das Lied \u201eHymne an die Nacht\u201c nach einer Melodie von Ludwig van Beethoven (1770-1827) in einer Ein-Mann-Quartett\/Oktett-Besetzung (BBTT). Liedtext stammt von Friedrich von Matthison (1761-1831), Satz von &hellip; <a href=\"https:\/\/dennisschuetze.de\/blog\/2020\/12\/20\/video-hymne-an-die-nacht-von-thilo-hofmann\/\">Weiterlesen <span class=\"meta-nav\">&rarr;<\/span><\/a><\/p>\n","protected":false},"author":2,"featured_media":0,"comment_status":"open","ping_status":"open","sticky":false,"template":"","format":"standard","meta":[],"categories":[5,8,22,17,7,16],"tags":[],"_links":{"self":[{"href":"https:\/\/dennisschuetze.de\/blog\/wp-json\/wp\/v2\/posts\/8230"}],"collection":[{"href":"https:\/\/dennisschuetze.de\/blog\/wp-json\/wp\/v2\/posts"}],"about":[{"href":"https:\/\/dennisschuetze.de\/blog\/wp-json\/wp\/v2\/types\/post"}],"author":[{"embeddable":true,"href":"https:\/\/dennisschuetze.de\/blog\/wp-json\/wp\/v2\/users\/2"}],"replies":[{"embeddable":true,"href":"https:\/\/dennisschuetze.de\/blog\/wp-json\/wp\/v2\/comments?post=8230"}],"version-history":[{"count":2,"href":"https:\/\/dennisschuetze.de\/blog\/wp-json\/wp\/v2\/posts\/8230\/revisions"}],"predecessor-version":[{"id":8232,"href":"https:\/\/dennisschuetze.de\/blog\/wp-json\/wp\/v2\/posts\/8230\/revisions\/8232"}],"wp:attachment":[{"href":"https:\/\/dennisschuetze.de\/blog\/wp-json\/wp\/v2\/media?parent=8230"}],"wp:term":[{"taxonomy":"category","embeddable":true,"href":"https:\/\/dennisschuetze.de\/blog\/wp-json\/wp\/v2\/categories?post=8230"},{"taxonomy":"post_tag","embeddable":true,"href":"https:\/\/dennisschuetze.de\/blog\/wp-json\/wp\/v2\/tags?post=8230"}],"curies":[{"name":"wp","href":"https:\/\/api.w.org\/{rel}","templated":true}]}}